{"id":3885,"date":"2021-03-25T11:03:54","date_gmt":"2021-03-25T10:03:54","guid":{"rendered":"http:\/\/www.homemaison.com\/blog\/?p=3885"},"modified":"2024-06-18T12:09:07","modified_gmt":"2024-06-18T11:09:07","slug":"du-nouveau-dans-la-collection-jardin","status":"publish","type":"post","link":"https:\/\/www.homemaison.com\/blog\/du-nouveau-dans-la-collection-jardin\/","title":{"rendered":"Du nouveau dans la collection jardin"},"content":{"rendered":"<p>La collection jardin est l\u00e0 ! Le printemps est (enfin!) arriv\u00e9, les jours s&rsquo;allongent et le changement d&rsquo;heure approche pour notre plus grand plaisir. Nous allons pouvoir profiter un peu plus de notre terrasse ou jardin pour les plus chanceux. Pour vous aider \u00e0 cr\u00e9er votre petit coin de paradis, nous vous avons fait une petite s\u00e9lection sp\u00e9cial jardin. D\u00e9couvrez-l\u00e0 sans plus attendre ! Et si vous souhaitez commander sur homemaison.com, la livraison vous est offerte d\u00e8s 100\u20ac avec Mondial Relay<\/p>\n<p style=\"text-align: center;\"><a href=\"https:\/\/www.homemaison.com\/fr\/898-outdoor\">DECOUVRIR TOUTE LA COLLECTION JARDIN &gt;<\/a><\/p>\n<h2 style=\"text-align: center;\"><a href=\"https:\/\/www.homemaison.com\/fr\/27-rideaux\"><img loading=\"lazy\" decoding=\"async\" class=\"aligncenter wp-image-3886 size-full\" src=\"https:\/\/www.homemaison.com\/blog\/wp-content\/uploads\/2021\/03\/f1204-B-e1616655876667.jpg\" alt=\"Rideau Ext\u00e9rieur Tissu Outdoor\" width=\"954\" height=\"1197\" srcset=\"https:\/\/www.homemaison.com\/blog\/wp-content\/uploads\/2021\/03\/f1204-B-e1616655876667.jpg 954w, https:\/\/www.homemaison.com\/blog\/wp-content\/uploads\/2021\/03\/f1204-B-e1616655876667-239x300.jpg 239w, https:\/\/www.homemaison.com\/blog\/wp-content\/uploads\/2021\/03\/f1204-B-e1616655876667-816x1024.jpg 816w, https:\/\/www.homemaison.com\/blog\/wp-content\/uploads\/2021\/03\/f1204-B-e1616655876667-768x964.jpg 768w\" sizes=\"auto, (max-width: 954px) 100vw, 954px\" \/><\/a><a href=\"https:\/\/www.homemaison.com\/fr\/27-rideaux\">Rideau ext\u00e9rieur tissu outdoor<\/a><\/h2>\n<p>Vous allez appr\u00e9cier cette toile tiss\u00e9e et teint\u00e9e dans le respect des normes fran\u00e7aises. Ce rideau Outdoor de 135 x 240 cm va mettre du pep&rsquo;s \u00e0 votre ext\u00e9rieur.<\/p>\n<p>Ce panneau uni dispose: &#8211; Traitement d\u00e9perlant &#8211; R\u00e9sistant aux frottements et aux UV &#8211; Haute r\u00e9sistance \u00e0 la lumi\u00e8re.<\/p>\n<p>Une palette de coloris qui va vous faire craquer:\u00a0rouge, bleu canard, marron, gris fonc\u00e9, gris souris, beige, orange, jaune, pomme, bleu ciel, ficelle et prairie.<\/p>\n<p>Qu&rsquo;il pleuve, qu&rsquo;il vente ou qu&rsquo;il neige, ces toiles ext\u00e9rieures r\u00e9sistent aux intemp\u00e9ries et aux agressions du soleil sans d\u00e9coloration ni marques de vieillissement. Apportez une d\u00e9coration dynamique \u00e0 votre terrasse gr\u00e2ce \u00e0 ces couleurs vives et pimpantes.<\/p>\n<p>Caract\u00e9ristiques: Dimensions: 135 x 240 cm. Composition: 100% polyester.<\/p>\n<p><a href=\"https:\/\/www.homemaison.com\/l-rideaux-d-exterieur.html\">D\u00e9couvrir tous nos rideaux d&rsquo;ext\u00e9rieur &gt;<\/a><\/p>\n<h2 style=\"text-align: center;\"><a href=\"https:\/\/www.homemaison.com\/fr\/898-33-outdoor-mobilier-de-jardin\"><img loading=\"lazy\" decoding=\"async\" class=\"aligncenter wp-image-3887 size-full\" src=\"https:\/\/www.homemaison.com\/blog\/wp-content\/uploads\/2021\/03\/48022-bleu--e1616657201169.jpg\" alt=\"Chaise longue r\u00e9glable avec coussin\" width=\"1024\" height=\"862\" srcset=\"https:\/\/www.homemaison.com\/blog\/wp-content\/uploads\/2021\/03\/48022-bleu--e1616657201169.jpg 1024w, https:\/\/www.homemaison.com\/blog\/wp-content\/uploads\/2021\/03\/48022-bleu--e1616657201169-300x253.jpg 300w, https:\/\/www.homemaison.com\/blog\/wp-content\/uploads\/2021\/03\/48022-bleu--e1616657201169-768x647.jpg 768w\" sizes=\"auto, (max-width: 1024px) 100vw, 1024px\" \/><\/a><a href=\"https:\/\/www.homemaison.com\/fr\/898-33-outdoor-mobilier-de-jardin\">Chaise longue r\u00e9glable avec coussin<\/a><\/h2>\n<p>Cette chaise longue ajoutera une touche rustique \u00e0 votre jardin, terrasse ou autre espace ext\u00e9rieur. Fabriqu\u00e9e en bois dur de teck extr\u00eamement durable, elle a \u00e9t\u00e9 chevronn\u00e9e, s\u00e9ch\u00e9e au four puis finement ponc\u00e9e pour lui donner un aspect tr\u00e8s lisse. Le bois de teck est connu pour sa r\u00e9sistance exceptionnelle aux intemp\u00e9ries, ce qui le rend bien plus adapt\u00e9 aux meubles de jardin que tout autre type de bois. Le produit est appliqu\u00e9 avec une belle finition pour donner au bois une couleur chaude. La chaise longue est \u00e9quip\u00e9e de 2 roulettes pour pouvoir la d\u00e9placer facilement. Le coussin inclus rend le transat encore plus confortable. Une table coulissante est pr\u00e9sente sous la chaise longue. Le dossier peut \u00eatre ajust\u00e9 dans 3 positions, de la verticale \u00e0 la verticale. Le repose-pieds est \u00e9galement r\u00e9glable. D\u00e9tendez-vous et profitez du soleil sur cette chaise longue confortable !<\/p>\n<p>Caract\u00e9ristiques : Coloris coussin : Cr\u00e8me, Gris fonc\u00e9, Bleu. Mat\u00e9riau : bois dur de teck finement ponc\u00e9 avec finition \u00e0 base d\u2019eau. Tissu : 100 % polyester. Mat\u00e9riau du cadre : acier galvanis\u00e9. Dimensions : 195 x 59,5 x 35 cm (L x l x H). Dossier r\u00e9glable en 3 positions. Repose-pied r\u00e9glable en 4 positions. Avec une table glissante.Assemblage requis : oui.<\/p>\n<p><a href=\"https:\/\/www.homemaison.com\/l-transats-et-hamacs.html\">D\u00e9couvrir tous nos transats &gt;<\/a><\/p>\n<p>Pour aller plus loin, consultez l&rsquo;article <a href=\"https:\/\/www.homemaison.com\/blog\/comment-entretenir-un-salon-de-jardin-en-bois\/\">Comment entretenir un salon de jardin en bois ?<\/a><\/p>\n<h2 style=\"text-align: center;\"><a href=\"https:\/\/www.homemaison.com\/fr\/901-parasols\"><img loading=\"lazy\" decoding=\"async\" class=\"aligncenter wp-image-3892 size-full\" src=\"https:\/\/www.homemaison.com\/blog\/wp-content\/uploads\/2021\/03\/312500-1-e1616656720525.jpg\" alt=\"Parasol de balcon m\u00e2t en aluminium\" width=\"1024\" height=\"1018\" srcset=\"https:\/\/www.homemaison.com\/blog\/wp-content\/uploads\/2021\/03\/312500-1-e1616656720525.jpg 1024w, https:\/\/www.homemaison.com\/blog\/wp-content\/uploads\/2021\/03\/312500-1-e1616656720525-300x298.jpg 300w, https:\/\/www.homemaison.com\/blog\/wp-content\/uploads\/2021\/03\/312500-1-e1616656720525-150x150.jpg 150w, https:\/\/www.homemaison.com\/blog\/wp-content\/uploads\/2021\/03\/312500-1-e1616656720525-768x764.jpg 768w, https:\/\/www.homemaison.com\/blog\/wp-content\/uploads\/2021\/03\/312500-1-e1616656720525-100x100.jpg 100w\" sizes=\"auto, (max-width: 1024px) 100vw, 1024px\" \/><\/a><a href=\"https:\/\/www.homemaison.com\/fr\/901-parasols\">Parasol de balcon m\u00e2t en aluminium<\/a><\/h2>\n<p>Cet \u00e9l\u00e9gant parasol de balcon est parfait pour cr\u00e9er de l&rsquo;ombre et vous prot\u00e9ger des rayons UV nocifs. Fabriqu\u00e9e en polyester anti-UV et anti-d\u00e9coloration, la couverture de ce parasol vous offre une protection optimale contre le soleil . Avec un diam\u00e8tre de m\u00e2t de 38 mm, il pourrait \u00eatre mont\u00e9 sur le support ou au milieu de table avec\u00a0 un trou. Sa forme demi-ronde ajoute \u00e9galement un charme unique du parasol. Le m\u00e2t en aluminium\u00a0est tr\u00e8s r\u00e9sistant, ainsi que ses 5 nervures en acier . Son syst\u00e8me d&rsquo;ouverture est tr\u00e8s maniable, il s&rsquo;ouvert et se ferme gr\u00e2ce au m\u00e9canisme \u00e0 manivelle.<\/p>\n<p>Caract\u00e9ristiques : Coloris de la couverture : bordeaux, bleu ,noir, terre cuite. Composition : tissu, acier, aluminium. Dimensions hors tout : 270 x 135 x 245 cm, 300 x 1505 x 253 cm (L x l x H). Diam\u00e8tre du m\u00e2t : 38 mm. Avec syst\u00e8me \u00e0 manivelle et orifice de ventilation. 5 nervures en acier incluses. Le socle du parasol n&rsquo;est pas inclut.<\/p>\n<p>Consultez notre article\u00a0<a href=\"https:\/\/www.homemaison.com\/blog\/comment-nettoyer-un-parasol\/\">Comment nettoyer un parasol ?<\/a><\/p>\n<p><a href=\"https:\/\/www.homemaison.com\/l-parasols.html\">D\u00e9couvrir tous nos parasols &gt;<\/a><\/p>\n<h2 style=\"text-align: center;\"><a href=\"https:\/\/www.homemaison.com\/fr\/863-salons-de-jardin\"><img loading=\"lazy\" decoding=\"async\" class=\"aligncenter wp-image-3888 size-full\" src=\"https:\/\/www.homemaison.com\/blog\/wp-content\/uploads\/2021\/03\/46809-gris1.jpg\" alt=\"Salon de jardin contemporain 6 pi\u00e8ces avec coussins \" width=\"1024\" height=\"1024\" srcset=\"https:\/\/www.homemaison.com\/blog\/wp-content\/uploads\/2021\/03\/46809-gris1.jpg 1024w, https:\/\/www.homemaison.com\/blog\/wp-content\/uploads\/2021\/03\/46809-gris1-300x300.jpg 300w, https:\/\/www.homemaison.com\/blog\/wp-content\/uploads\/2021\/03\/46809-gris1-150x150.jpg 150w, https:\/\/www.homemaison.com\/blog\/wp-content\/uploads\/2021\/03\/46809-gris1-768x768.jpg 768w, https:\/\/www.homemaison.com\/blog\/wp-content\/uploads\/2021\/03\/46809-gris1-100x100.jpg 100w\" sizes=\"auto, (max-width: 1024px) 100vw, 1024px\" \/><\/a><a href=\"https:\/\/www.homemaison.com\/fr\/863-salons-de-jardin\">Salon de jardin contemporain 6 pi\u00e8ces avec coussins<\/a><\/h2>\n<div id=\"cont_ongl_1\">\n<p>Ce salon de jardin ajoutera un c\u00f4t\u00e9 contemporain \u00e0 votre ext\u00e9rieur. <span style=\"font-size: 1rem;\">Il combine <\/span><span style=\"font-size: 1rem;\">le style et la fonctionnalit\u00e9<\/span><span style=\"font-size: 1rem;\"> et va devenir le point central de votre jardin ou patio. <\/span><span style=\"font-size: 1rem;\">Gr\u00e2ce \u00e0 la <\/span><span style=\"font-size: 1rem;\">r\u00e9sine tress\u00e9e r\u00e9sistante aux intemp\u00e9ries et \u00e0 l&rsquo;eau<\/span><span style=\"font-size: 1rem;\">, ce mobilier est facile \u00e0 nettoyer, r\u00e9sistant et adapt\u00e9 \u00e0 un usage quotidien. <\/span><span style=\"font-size: 1rem;\">L&rsquo;ensemble de si\u00e8ge dispose d&rsquo;une <\/span><span style=\"font-size: 1rem;\">armature en acier enduite de poudre<\/span><span style=\"font-size: 1rem;\">, qui est extr\u00eamement durable. Le mobilier est \u00e9galement <\/span><span style=\"font-size: 1rem;\">l\u00e9ger et modulable. <\/span><span style=\"font-size: 1rem;\">Les<\/span><span style=\"font-size: 1rem;\"> coussins \u00e9pais sont amovibles.<\/span><\/p>\n<\/div>\n<p>Caract\u00e9ristiques : Couleur du rotin : gris. Couleur du coussin : gris. Mat\u00e9riau : r\u00e9sine tress\u00e9e et cadre en acier laqu\u00e9. Mat\u00e9riau du coussin : 100 % polyester. \u00c9paisseur du coussin : 6 cm. Mat\u00e9riau du dessus de table : verre tremp\u00e9. Dimensions du canap\u00e9 d&rsquo;angle : 70 x 70 x 52,5 cm (l x P x H).\u00a0 Canap\u00e9 central : 70 x 70 x 52,5 cm (l x P x H). Table basse : 74 x 74 x 26 cm (L x l x H). Avec un design de tissage distinctif.<\/p>\n<p><a href=\"https:\/\/www.homemaison.com\/l-salons-de-jardin.html\">D\u00e9couvrir tous nos salons de jardin &gt;<\/a><\/p>\n<p>Besoin d&rsquo;aide pour choisir votre salon de jardin ? Consultez notre article <a href=\"https:\/\/www.homemaison.com\/blog\/quelle-est-la-meilleure-matiere-pour-un-salon-de-jardin\/\">Quelle est la meilleure mati\u00e8re pour un salon de jardin ?<\/a><\/p>\n<h2 style=\"text-align: center;\"><a href=\"https:\/\/www.homemaison.com\/fr\/863-salons-de-jardin\"><img loading=\"lazy\" decoding=\"async\" class=\"aligncenter wp-image-3889 size-full\" src=\"https:\/\/www.homemaison.com\/blog\/wp-content\/uploads\/2021\/03\/3063717_6p-e1616655990445.jpg\" alt=\"Salon de jardin en palette modulable\" width=\"1024\" height=\"494\" srcset=\"https:\/\/www.homemaison.com\/blog\/wp-content\/uploads\/2021\/03\/3063717_6p-e1616655990445.jpg 1024w, https:\/\/www.homemaison.com\/blog\/wp-content\/uploads\/2021\/03\/3063717_6p-e1616655990445-300x145.jpg 300w, https:\/\/www.homemaison.com\/blog\/wp-content\/uploads\/2021\/03\/3063717_6p-e1616655990445-768x371.jpg 768w\" sizes=\"auto, (max-width: 1024px) 100vw, 1024px\" \/><\/a><a href=\"https:\/\/www.homemaison.com\/fr\/863-salons-de-jardin\">Salon de jardin en palette modulable<\/a><\/h2>\n<div>\n<p>Cet ensemble de salon de jardin palette de 3, 6 ou 9 pi\u00e8ces \u00e0 la mode est un excellent choix pour vous d\u00e9tendre et profiter de votre ext\u00e9rieur. L\u2019ensemble de salon en bois, avec un design de palette intemporel, ajoute une touche de charme rustique \u00e0 votre patio, jardin ou salon. L&rsquo;ensemble de salon de jardin est fait de bois d&rsquo;\u00e9pic\u00e9a impr\u00e9gn\u00e9, ce qui le rend durable et stable. Cet ensemble de canap\u00e9 est de construction solide et n\u00e9cessite peu d&rsquo;entretien. De plus, la conception modulaire permet \u00e9galement de placer l&rsquo;ensemble dans n&rsquo;importe quel arrangement selon votre go\u00fbt.<\/p>\n<p>N&rsquo;h\u00e9sitez pas \u00e0 venir d\u00e9couvrir nos <a href=\"https:\/\/www.homemaison.com\/l-coussins-exterieurs.html\">coussins de palettes et outdoor<\/a> pour un confort optimal.<\/p>\n<p>Caract\u00e9ristiques : Composition : bois d&rsquo;\u00e9pic\u00e9a impr\u00e9gn\u00e9. Dimensions du canap\u00e9 de milieu\/angle : 60 x 60 x 65 cm (l x P x H). Dimensions de la table \/ du pouf : 60 x 60 x 30 cm (l x P x H). Hauteur du si\u00e8ge \u00e0 partir du sol : 30 cm.<\/p>\n<p style=\"text-align: center;\"><a href=\"https:\/\/www.homemaison.com\/fr\/898-33-outdoor-mobilier-de-jardin\">DECOUVRIR TOUTE LA COLLECTION JARDIN &gt;<\/a><\/p>\n<\/div>\n<p>Pour aller plus loin n&rsquo;h\u00e9sitez \u00e0 consulter notre article <a href=\"https:\/\/www.homemaison.com\/blog\/le-meilleur-mobilier-de-jardin\/\">Le meilleur mobilier de jardin.<\/a><\/p>\n<p>&nbsp;<\/p>\n","protected":false},"excerpt":{"rendered":"<p>La collection jardin est l\u00e0 ! Le printemps est (enfin!) arriv\u00e9, les jours s&rsquo;allongent et le changement d&rsquo;heure approche pour notre plus grand plaisir. Nous allons pouvoir profiter un peu plus de notre terrasse ou jardin pour les plus chanceux. Pour vous aider \u00e0 cr\u00e9er votre petit coin de paradis, nous vous avons fait une &hellip; <\/p>\n","protected":false},"author":1,"featured_media":3888,"comment_status":"open","ping_status":"open","sticky":false,"template":"","format":"standard","meta":{"_exactmetrics_skip_tracking":false,"_exactmetrics_sitenote_active":false,"_exactmetrics_sitenote_note":"","_exactmetrics_sitenote_category":0,"footnotes":""},"categories":[157,2],"tags":[],"class_list":["post-3885","post","type-post","status-publish","format-standard","has-post-thumbnail","hentry","category-notre-selection-deco","category-tous-nos-articles","latest_post"],"yoast_head":"<!-- This site is optimized with the Yoast SEO plugin v24.6 - https:\/\/yoast.com\/wordpress\/plugins\/seo\/ -->\n<title>Du nouveau dans la collection jardin - Le blog d\u00e9co HomeMaison<\/title>\n<meta name=\"description\" content=\"La collection jardin est l\u00e0 ! Le printemps est (enfin!) arriv\u00e9, les jours s&#039;allongent et le changement d&#039;heure approche pour notre plus grand plaisir.\" \/>\n<meta name=\"robots\" content=\"index, follow, max-snippet:-1, max-image-preview:large, max-video-preview:-1\" \/>\n<link rel=\"canonical\" href=\"https:\/\/www.homemaison.com\/blog\/du-nouveau-dans-la-collection-jardin\/\" \/>\n<meta property=\"og:locale\" content=\"fr_FR\" \/>\n<meta property=\"og:type\" content=\"article\" \/>\n<meta property=\"og:title\" content=\"Du nouveau dans la collection jardin - Le blog d\u00e9co HomeMaison\" \/>\n<meta property=\"og:description\" content=\"La collection jardin est l\u00e0 ! Le printemps est (enfin!) arriv\u00e9, les jours s&#039;allongent et le changement d&#039;heure approche pour notre plus grand plaisir.\" \/>\n<meta property=\"og:url\" content=\"https:\/\/www.homemaison.com\/blog\/du-nouveau-dans-la-collection-jardin\/\" \/>\n<meta property=\"og:site_name\" content=\"Le blog d\u00e9co HomeMaison\" \/>\n<meta property=\"article:publisher\" content=\"https:\/\/www.facebook.com\/homemaison\" \/>\n<meta property=\"article:published_time\" content=\"2021-03-25T10:03:54+00:00\" \/>\n<meta property=\"article:modified_time\" content=\"2024-06-18T11:09:07+00:00\" \/>\n<meta property=\"og:image\" content=\"https:\/\/www.homemaison.com\/blog\/wp-content\/uploads\/2021\/03\/46809-gris1.jpg\" \/>\n\t<meta property=\"og:image:width\" content=\"1024\" \/>\n\t<meta property=\"og:image:height\" content=\"1024\" \/>\n\t<meta property=\"og:image:type\" content=\"image\/jpeg\" \/>\n<meta name=\"author\" content=\"Home Maison\" \/>\n<meta name=\"twitter:card\" content=\"summary_large_image\" \/>\n<meta name=\"twitter:creator\" content=\"@homemaison\" \/>\n<meta name=\"twitter:site\" content=\"@homemaison\" \/>\n<meta name=\"twitter:label1\" content=\"\u00c9crit par\" \/>\n\t<meta name=\"twitter:data1\" content=\"Home Maison\" \/>\n\t<meta name=\"twitter:label2\" content=\"Dur\u00e9e de lecture estim\u00e9e\" \/>\n\t<meta name=\"twitter:data2\" content=\"6 minutes\" \/>\n<script type=\"application\/ld+json\" class=\"yoast-schema-graph\">{\"@context\":\"https:\/\/schema.org\",\"@graph\":[{\"@type\":\"Article\",\"@id\":\"https:\/\/www.homemaison.com\/blog\/du-nouveau-dans-la-collection-jardin\/#article\",\"isPartOf\":{\"@id\":\"https:\/\/www.homemaison.com\/blog\/du-nouveau-dans-la-collection-jardin\/\"},\"author\":{\"name\":\"Home Maison\",\"@id\":\"https:\/\/www.homemaison.com\/blog\/#\/schema\/person\/95d44530486a00dc07b82cadbf7bb295\"},\"headline\":\"Du nouveau dans la collection jardin\",\"datePublished\":\"2021-03-25T10:03:54+00:00\",\"dateModified\":\"2024-06-18T11:09:07+00:00\",\"mainEntityOfPage\":{\"@id\":\"https:\/\/www.homemaison.com\/blog\/du-nouveau-dans-la-collection-jardin\/\"},\"wordCount\":1049,\"commentCount\":0,\"publisher\":{\"@id\":\"https:\/\/www.homemaison.com\/blog\/#organization\"},\"image\":{\"@id\":\"https:\/\/www.homemaison.com\/blog\/du-nouveau-dans-la-collection-jardin\/#primaryimage\"},\"thumbnailUrl\":\"https:\/\/www.homemaison.com\/blog\/wp-content\/uploads\/2021\/03\/46809-gris1.jpg\",\"articleSection\":[\"Notre s\u00e9lection D\u00e9co\",\"Tous nos articles\"],\"inLanguage\":\"fr-FR\",\"potentialAction\":[{\"@type\":\"CommentAction\",\"name\":\"Comment\",\"target\":[\"https:\/\/www.homemaison.com\/blog\/du-nouveau-dans-la-collection-jardin\/#respond\"]}]},{\"@type\":\"WebPage\",\"@id\":\"https:\/\/www.homemaison.com\/blog\/du-nouveau-dans-la-collection-jardin\/\",\"url\":\"https:\/\/www.homemaison.com\/blog\/du-nouveau-dans-la-collection-jardin\/\",\"name\":\"Du nouveau dans la collection jardin - Le blog d\u00e9co HomeMaison\",\"isPartOf\":{\"@id\":\"https:\/\/www.homemaison.com\/blog\/#website\"},\"primaryImageOfPage\":{\"@id\":\"https:\/\/www.homemaison.com\/blog\/du-nouveau-dans-la-collection-jardin\/#primaryimage\"},\"image\":{\"@id\":\"https:\/\/www.homemaison.com\/blog\/du-nouveau-dans-la-collection-jardin\/#primaryimage\"},\"thumbnailUrl\":\"https:\/\/www.homemaison.com\/blog\/wp-content\/uploads\/2021\/03\/46809-gris1.jpg\",\"datePublished\":\"2021-03-25T10:03:54+00:00\",\"dateModified\":\"2024-06-18T11:09:07+00:00\",\"description\":\"La collection jardin est l\u00e0 ! Le printemps est (enfin!) arriv\u00e9, les jours s'allongent et le changement d'heure approche pour notre plus grand plaisir.\",\"breadcrumb\":{\"@id\":\"https:\/\/www.homemaison.com\/blog\/du-nouveau-dans-la-collection-jardin\/#breadcrumb\"},\"inLanguage\":\"fr-FR\",\"potentialAction\":[{\"@type\":\"ReadAction\",\"target\":[\"https:\/\/www.homemaison.com\/blog\/du-nouveau-dans-la-collection-jardin\/\"]}]},{\"@type\":\"ImageObject\",\"inLanguage\":\"fr-FR\",\"@id\":\"https:\/\/www.homemaison.com\/blog\/du-nouveau-dans-la-collection-jardin\/#primaryimage\",\"url\":\"https:\/\/www.homemaison.com\/blog\/wp-content\/uploads\/2021\/03\/46809-gris1.jpg\",\"contentUrl\":\"https:\/\/www.homemaison.com\/blog\/wp-content\/uploads\/2021\/03\/46809-gris1.jpg\",\"width\":1024,\"height\":1024,\"caption\":\"Salon de jardin contemporain 6 pi\u00e8ces avec coussins\"},{\"@type\":\"BreadcrumbList\",\"@id\":\"https:\/\/www.homemaison.com\/blog\/du-nouveau-dans-la-collection-jardin\/#breadcrumb\",\"itemListElement\":[{\"@type\":\"ListItem\",\"position\":1,\"name\":\"Notre s\u00e9lection D\u00e9co\",\"item\":\"https:\/\/www.homemaison.com\/blog\/category\/notre-selection-deco\/\"},{\"@type\":\"ListItem\",\"position\":2,\"name\":\"Du nouveau dans la collection jardin\"}]},{\"@type\":\"WebSite\",\"@id\":\"https:\/\/www.homemaison.com\/blog\/#website\",\"url\":\"https:\/\/www.homemaison.com\/blog\/\",\"name\":\"Le blog d\u00e9co HomeMaison\",\"description\":\"Un blog qui se veut inspirant\",\"publisher\":{\"@id\":\"https:\/\/www.homemaison.com\/blog\/#organization\"},\"potentialAction\":[{\"@type\":\"SearchAction\",\"target\":{\"@type\":\"EntryPoint\",\"urlTemplate\":\"https:\/\/www.homemaison.com\/blog\/?s={search_term_string}\"},\"query-input\":{\"@type\":\"PropertyValueSpecification\",\"valueRequired\":true,\"valueName\":\"search_term_string\"}}],\"inLanguage\":\"fr-FR\"},{\"@type\":\"Organization\",\"@id\":\"https:\/\/www.homemaison.com\/blog\/#organization\",\"name\":\"Home Maison\",\"url\":\"https:\/\/www.homemaison.com\/blog\/\",\"logo\":{\"@type\":\"ImageObject\",\"inLanguage\":\"fr-FR\",\"@id\":\"https:\/\/www.homemaison.com\/blog\/#\/schema\/logo\/image\/\",\"url\":\"https:\/\/www.homemaison.com\/blog\/wp-content\/uploads\/2021\/03\/cropped-blog-logo-HM-1.png\",\"contentUrl\":\"https:\/\/www.homemaison.com\/blog\/wp-content\/uploads\/2021\/03\/cropped-blog-logo-HM-1.png\",\"width\":400,\"height\":138,\"caption\":\"Home Maison\"},\"image\":{\"@id\":\"https:\/\/www.homemaison.com\/blog\/#\/schema\/logo\/image\/\"},\"sameAs\":[\"https:\/\/www.facebook.com\/homemaison\",\"https:\/\/x.com\/homemaison\",\"https:\/\/www.instagram.com\/homemaison\/\",\"https:\/\/fr.pinterest.com\/homemaison\/\"]},{\"@type\":\"Person\",\"@id\":\"https:\/\/www.homemaison.com\/blog\/#\/schema\/person\/95d44530486a00dc07b82cadbf7bb295\",\"name\":\"Home Maison\",\"image\":{\"@type\":\"ImageObject\",\"inLanguage\":\"fr-FR\",\"@id\":\"https:\/\/www.homemaison.com\/blog\/#\/schema\/person\/image\/\",\"url\":\"https:\/\/secure.gravatar.com\/avatar\/3e8f4e2a391b3c2f7cef6f6a9c683bb1?s=96&d=mm&r=g\",\"contentUrl\":\"https:\/\/secure.gravatar.com\/avatar\/3e8f4e2a391b3c2f7cef6f6a9c683bb1?s=96&d=mm&r=g\",\"caption\":\"Home Maison\"}}]}<\/script>\n<!-- \/ Yoast SEO plugin. -->","yoast_head_json":{"title":"Du nouveau dans la collection jardin - Le blog d\u00e9co HomeMaison","description":"La collection jardin est l\u00e0 ! Le printemps est (enfin!) arriv\u00e9, les jours s'allongent et le changement d'heure approche pour notre plus grand plaisir.","robots":{"index":"index","follow":"follow","max-snippet":"max-snippet:-1","max-image-preview":"max-image-preview:large","max-video-preview":"max-video-preview:-1"},"canonical":"https:\/\/www.homemaison.com\/blog\/du-nouveau-dans-la-collection-jardin\/","og_locale":"fr_FR","og_type":"article","og_title":"Du nouveau dans la collection jardin - Le blog d\u00e9co HomeMaison","og_description":"La collection jardin est l\u00e0 ! Le printemps est (enfin!) arriv\u00e9, les jours s'allongent et le changement d'heure approche pour notre plus grand plaisir.","og_url":"https:\/\/www.homemaison.com\/blog\/du-nouveau-dans-la-collection-jardin\/","og_site_name":"Le blog d\u00e9co HomeMaison","article_publisher":"https:\/\/www.facebook.com\/homemaison","article_published_time":"2021-03-25T10:03:54+00:00","article_modified_time":"2024-06-18T11:09:07+00:00","og_image":[{"width":1024,"height":1024,"url":"https:\/\/www.homemaison.com\/blog\/wp-content\/uploads\/2021\/03\/46809-gris1.jpg","type":"image\/jpeg"}],"author":"Home Maison","twitter_card":"summary_large_image","twitter_creator":"@homemaison","twitter_site":"@homemaison","twitter_misc":{"\u00c9crit par":"Home Maison","Dur\u00e9e de lecture estim\u00e9e":"6 minutes"},"schema":{"@context":"https:\/\/schema.org","@graph":[{"@type":"Article","@id":"https:\/\/www.homemaison.com\/blog\/du-nouveau-dans-la-collection-jardin\/#article","isPartOf":{"@id":"https:\/\/www.homemaison.com\/blog\/du-nouveau-dans-la-collection-jardin\/"},"author":{"name":"Home Maison","@id":"https:\/\/www.homemaison.com\/blog\/#\/schema\/person\/95d44530486a00dc07b82cadbf7bb295"},"headline":"Du nouveau dans la collection jardin","datePublished":"2021-03-25T10:03:54+00:00","dateModified":"2024-06-18T11:09:07+00:00","mainEntityOfPage":{"@id":"https:\/\/www.homemaison.com\/blog\/du-nouveau-dans-la-collection-jardin\/"},"wordCount":1049,"commentCount":0,"publisher":{"@id":"https:\/\/www.homemaison.com\/blog\/#organization"},"image":{"@id":"https:\/\/www.homemaison.com\/blog\/du-nouveau-dans-la-collection-jardin\/#primaryimage"},"thumbnailUrl":"https:\/\/www.homemaison.com\/blog\/wp-content\/uploads\/2021\/03\/46809-gris1.jpg","articleSection":["Notre s\u00e9lection D\u00e9co","Tous nos articles"],"inLanguage":"fr-FR","potentialAction":[{"@type":"CommentAction","name":"Comment","target":["https:\/\/www.homemaison.com\/blog\/du-nouveau-dans-la-collection-jardin\/#respond"]}]},{"@type":"WebPage","@id":"https:\/\/www.homemaison.com\/blog\/du-nouveau-dans-la-collection-jardin\/","url":"https:\/\/www.homemaison.com\/blog\/du-nouveau-dans-la-collection-jardin\/","name":"Du nouveau dans la collection jardin - Le blog d\u00e9co HomeMaison","isPartOf":{"@id":"https:\/\/www.homemaison.com\/blog\/#website"},"primaryImageOfPage":{"@id":"https:\/\/www.homemaison.com\/blog\/du-nouveau-dans-la-collection-jardin\/#primaryimage"},"image":{"@id":"https:\/\/www.homemaison.com\/blog\/du-nouveau-dans-la-collection-jardin\/#primaryimage"},"thumbnailUrl":"https:\/\/www.homemaison.com\/blog\/wp-content\/uploads\/2021\/03\/46809-gris1.jpg","datePublished":"2021-03-25T10:03:54+00:00","dateModified":"2024-06-18T11:09:07+00:00","description":"La collection jardin est l\u00e0 ! Le printemps est (enfin!) arriv\u00e9, les jours s'allongent et le changement d'heure approche pour notre plus grand plaisir.","breadcrumb":{"@id":"https:\/\/www.homemaison.com\/blog\/du-nouveau-dans-la-collection-jardin\/#breadcrumb"},"inLanguage":"fr-FR","potentialAction":[{"@type":"ReadAction","target":["https:\/\/www.homemaison.com\/blog\/du-nouveau-dans-la-collection-jardin\/"]}]},{"@type":"ImageObject","inLanguage":"fr-FR","@id":"https:\/\/www.homemaison.com\/blog\/du-nouveau-dans-la-collection-jardin\/#primaryimage","url":"https:\/\/www.homemaison.com\/blog\/wp-content\/uploads\/2021\/03\/46809-gris1.jpg","contentUrl":"https:\/\/www.homemaison.com\/blog\/wp-content\/uploads\/2021\/03\/46809-gris1.jpg","width":1024,"height":1024,"caption":"Salon de jardin contemporain 6 pi\u00e8ces avec coussins"},{"@type":"BreadcrumbList","@id":"https:\/\/www.homemaison.com\/blog\/du-nouveau-dans-la-collection-jardin\/#breadcrumb","itemListElement":[{"@type":"ListItem","position":1,"name":"Notre s\u00e9lection D\u00e9co","item":"https:\/\/www.homemaison.com\/blog\/category\/notre-selection-deco\/"},{"@type":"ListItem","position":2,"name":"Du nouveau dans la collection jardin"}]},{"@type":"WebSite","@id":"https:\/\/www.homemaison.com\/blog\/#website","url":"https:\/\/www.homemaison.com\/blog\/","name":"Le blog d\u00e9co HomeMaison","description":"Un blog qui se veut inspirant","publisher":{"@id":"https:\/\/www.homemaison.com\/blog\/#organization"},"potentialAction":[{"@type":"SearchAction","target":{"@type":"EntryPoint","urlTemplate":"https:\/\/www.homemaison.com\/blog\/?s={search_term_string}"},"query-input":{"@type":"PropertyValueSpecification","valueRequired":true,"valueName":"search_term_string"}}],"inLanguage":"fr-FR"},{"@type":"Organization","@id":"https:\/\/www.homemaison.com\/blog\/#organization","name":"Home Maison","url":"https:\/\/www.homemaison.com\/blog\/","logo":{"@type":"ImageObject","inLanguage":"fr-FR","@id":"https:\/\/www.homemaison.com\/blog\/#\/schema\/logo\/image\/","url":"https:\/\/www.homemaison.com\/blog\/wp-content\/uploads\/2021\/03\/cropped-blog-logo-HM-1.png","contentUrl":"https:\/\/www.homemaison.com\/blog\/wp-content\/uploads\/2021\/03\/cropped-blog-logo-HM-1.png","width":400,"height":138,"caption":"Home Maison"},"image":{"@id":"https:\/\/www.homemaison.com\/blog\/#\/schema\/logo\/image\/"},"sameAs":["https:\/\/www.facebook.com\/homemaison","https:\/\/x.com\/homemaison","https:\/\/www.instagram.com\/homemaison\/","https:\/\/fr.pinterest.com\/homemaison\/"]},{"@type":"Person","@id":"https:\/\/www.homemaison.com\/blog\/#\/schema\/person\/95d44530486a00dc07b82cadbf7bb295","name":"Home Maison","image":{"@type":"ImageObject","inLanguage":"fr-FR","@id":"https:\/\/www.homemaison.com\/blog\/#\/schema\/person\/image\/","url":"https:\/\/secure.gravatar.com\/avatar\/3e8f4e2a391b3c2f7cef6f6a9c683bb1?s=96&d=mm&r=g","contentUrl":"https:\/\/secure.gravatar.com\/avatar\/3e8f4e2a391b3c2f7cef6f6a9c683bb1?s=96&d=mm&r=g","caption":"Home Maison"}}]}},"_links":{"self":[{"href":"https:\/\/www.homemaison.com\/blog\/wp-json\/wp\/v2\/posts\/3885","targetHints":{"allow":["GET"]}}],"collection":[{"href":"https:\/\/www.homemaison.com\/blog\/wp-json\/wp\/v2\/posts"}],"about":[{"href":"https:\/\/www.homemaison.com\/blog\/wp-json\/wp\/v2\/types\/post"}],"author":[{"embeddable":true,"href":"https:\/\/www.homemaison.com\/blog\/wp-json\/wp\/v2\/users\/1"}],"replies":[{"embeddable":true,"href":"https:\/\/www.homemaison.com\/blog\/wp-json\/wp\/v2\/comments?post=3885"}],"version-history":[{"count":15,"href":"https:\/\/www.homemaison.com\/blog\/wp-json\/wp\/v2\/posts\/3885\/revisions"}],"predecessor-version":[{"id":7047,"href":"https:\/\/www.homemaison.com\/blog\/wp-json\/wp\/v2\/posts\/3885\/revisions\/7047"}],"wp:featuredmedia":[{"embeddable":true,"href":"https:\/\/www.homemaison.com\/blog\/wp-json\/wp\/v2\/media\/3888"}],"wp:attachment":[{"href":"https:\/\/www.homemaison.com\/blog\/wp-json\/wp\/v2\/media?parent=3885"}],"wp:term":[{"taxonomy":"category","embeddable":true,"href":"https:\/\/www.homemaison.com\/blog\/wp-json\/wp\/v2\/categories?post=3885"},{"taxonomy":"post_tag","embeddable":true,"href":"https:\/\/www.homemaison.com\/blog\/wp-json\/wp\/v2\/tags?post=3885"}],"curies":[{"name":"wp","href":"https:\/\/api.w.org\/{rel}","templated":true}]}}